{"id":4554,"date":"2020-11-12T23:18:38","date_gmt":"2020-11-12T20:18:38","guid":{"rendered":"https:\/\/insanveinsan.org\/?p=4554"},"modified":"2020-11-12T23:20:53","modified_gmt":"2020-11-12T20:20:53","slug":"neo-liberal-politikalarin-medya-ve-kamu-hizmeti-yayinciligina-etkisi","status":"publish","type":"post","link":"https:\/\/www.insanveinsan.org\/en\/neo-liberal-politikalarin-medya-ve-kamu-hizmeti-yayinciligina-etkisi\/","title":{"rendered":"The Impact of Neo-liberal Policies on Media and Public Service Broadcasting"},"content":{"rendered":"<p><\/p>\n<p style=\"text-align: justify; font-size: 15px\"><strong>Naciye Beril Ek\u015fio\u011flu Sar\u0131lar<\/strong><\/p>\n<p style=\"text-align: justify; font-size: 15px\"><strong>Abstract: <\/strong> The neo-liberal economic policy that started in the 1970\u2019s and made its presence felt after the 1980\u2019s has changed the economic and political structures of the World. In this period in which Information Technologies made quick progress, the rapidly shrinking markets and rampant unemployment caused investors to turn their attention towards media. In parallel to the recent economic developments in the 1980\u2019s, a commercial approach towards broadcasting surfaced in Turkey. In the era in which commercial broadcasting whose ownership structure was different from the more traditional way of broadcasting was gaining traction, the proprietor and the party in power formed a complicated relationship that pushed back the mentality of public service broadcasting. Although at first it was thought as a place in which the freedom of expression would find voice, as time went on it transformed into a monopoly and failed the expectations of the public. This study focuses on the relationship between private broadcasting and power, the state of public service broadcasting and if it can be a solution for the public in areas such as expression or access to information. In this purpose the role of mass media in the production of hegemonic relationships in a neo-liberal environment is discussed with the focus on neo-liberal economic policies.<\/p>\n<p style=\"text-align: justify; font-size: 15px\"><strong>Keywords: <\/strong> Political economy, Media, Neo-liberalism, Public service broadcasting<\/p>\n<h1> Neo-liberal Politikalar\u0131n Medya ve Kamu Hizmeti Yay\u0131nc\u0131l\u0131\u011f\u0131na Etkisi <\/h1>\n<p style=\"text-align: justify; font-size: 15px\"><strong>\u00d6z: <\/strong> 1970\u2019lerde ba\u015flayan 1980\u2019lerden sonra etkin bir \u015fekilde varl\u0131\u011f\u0131n\u0131 hissettiren neo-liberal ekonomi politikalar\u0131 d\u00fcnyada iktisadi ve siyasi yap\u0131lar\u0131 de\u011fi\u015ftirmi\u015ftir. Enformasyon teknolojilerinin h\u0131zla ilerledi\u011fi bu d\u00f6nemde daralan piyasalar ve i\u015fsizlik yat\u0131r\u0131mc\u0131lar\u0131n medyaya y\u00f6nelmesine neden olmu\u015ftur. \u0130leti\u015fim devriminin ya\u015fand\u0131\u011f\u0131 bu s\u00fcre\u00e7te, d\u00fcnyadaki ekonomik geli\u015fmelere paralel bir d\u00fczlemde, 1980\u2019lerden itibaren T\u00fcrkiye\u2019de de tecimsel yay\u0131nc\u0131l\u0131k anlay\u0131\u015f\u0131 ortaya \u00e7\u0131km\u0131\u015ft\u0131r. Sahiplik\/m\u00fclkiyet yap\u0131s\u0131 geleneksel bas\u0131n anlay\u0131\u015f\u0131ndan farkl\u0131 olan ticari yay\u0131nc\u0131l\u0131\u011f\u0131n a\u011f\u0131rl\u0131k kazand\u0131\u011f\u0131 bu d\u00f6nemde, sermaye-iktidar ili\u015fkisinin karma\u015f\u0131kla\u015fmas\u0131 nedeniyle kamu hizmeti yay\u0131n anlay\u0131\u015f\u0131 geri plana itilmi\u015ftir. Ancak fikri \u00f6zg\u00fcrl\u00fcklerin demokratik bir ortamda h\u00fcr ifadesini bulaca\u011f\u0131 d\u00fc\u015f\u00fcn\u00fclen ticari yay\u0131nc\u0131l\u0131k, s\u00fcre\u00e7 i\u00e7inde tekelle\u015fme yoluna gitmi\u015f ve kamuoyu ad\u0131na beklentileri bo\u015fa \u00e7\u0131karm\u0131\u015ft\u0131r. \u00c7al\u0131\u015fma, ticari\/\u00f6zel yay\u0131nc\u0131l\u0131\u011f\u0131n siyasal iktidara destek veren ayn\u0131 zamanda iktidardan beklenti i\u00e7inde olan m\u00fclkiyet yap\u0131s\u0131na; kamu hizmeti yay\u0131nc\u0131l\u0131\u011f\u0131n\u0131n bug\u00fcnk\u00fc durumuna ve kamuoyunun ifade ve bilgiye ula\u015fmak gibi demokratik hak ve taleplerine \u00e7\u00f6z\u00fcm olup olamayaca\u011f\u0131 \u00fczerine odaklanmaktad\u0131r. Bu maksatla neo-liberal iktisadi politikalar oda\u011fa al\u0131narak, iktidar\u0131n\/egemenlerin kitle ileti\u015fim ara\u00e7lar\u0131yla \u00fcretti\u011fi hegemonik ili\u015fkiler ele\u015ftirel ekonomi politik ba\u011flamda tart\u0131\u015f\u0131lmaktad\u0131r.<\/p>\n<p style=\"text-align: justify; font-size: 15px\"><strong>Anahtar kelimeler: <\/strong> Ele\u015ftirel ekonomi politik, Medya, Neo-liberal politikalar, Kamu hizmeti yay\u0131nc\u0131l\u0131\u011f\u0131<\/p>\n<table bgcolor=\"transparent\">\n<tbody>\n<tr>\n<td style=\"border-bottom: 1px dashed gray;\"><\/td>\n<\/tr>\n<\/tbody>\n<\/table>\n<p><span style=\"text-decoration: none; font-variant: normal; font-weight: normal; font-stretch: normal; font-size: 15px; line-height: normal; font-family: 'minion pro', arial, sans-serif;\">Naciye Beril Ek\u015fio\u011flu Sar\u0131lar<\/span><br \/>\n<span style=\"text-decoration: none; font-variant: normal; font-weight: normal; font-stretch: normal; font-size: 15px; line-height: normal; font-family: 'minion pro', arial, sans-serif;\"> <a href=\"https:\/\/doi.org\/10.29224\/insanveinsan.791980\">DOI: 10.29224\/insanveinsan.791980<\/a><\/span><br \/>\n<span style=\"text-decoration: none; font-variant: normal; font-weight: normal; font-stretch: normal; font-size: 15px; line-height: normal; font-family: 'minion pro', arial, sans-serif;\"><a title=\"Issue 26, Fall 2020\" href=\"\/en\/sayi-26-guz-2020\/\">Year 7, Issue 26, Fall 2020<\/a><\/span><\/p>\n<p><img loading=\"lazy\" decoding=\"async\" class=\"alignnone wp-image-119 size-full\" src=\"\/wp-content\/uploads\/pdf-e1407190133528.png\" alt=\"\" width=\"50\" height=\"50\" \/><br \/>\n<span style=\"text-decoration: none; font-variant: normal; font-weight: normal; font-stretch: normal; font-size: 15px; line-height: normal; font-family: 'minion pro', arial, sans-serif;\">Tam metin \/ Full text<br \/>\n(Turkish)<\/span><\/p>\n<div style=\"width: 230px;\">\n<span style=\"text-decoration: none; font-variant: normal; font-weight: normal; font-stretch: normal; font-size: 15px; line-height: normal; font-family: 'minion pro', arial, sans-serif;\"><\/p>\n<div style=\"float: left; width: 20px;\"><img decoding=\"async\" style=\"border-width:0\" src=\"\/wp-content\/uploads\/izleme-icon.png\"><\/div>\n<p><span style=\"text-decoration: none; font-variant: normal; font-weight: normal; font-stretch: normal; font-size: 15px; line-height: normal; font-family: 'minion pro', arial, sans-serif;\"><\/span><\/p>\n<div style=\"float: left; width: 40px;\">[post-views]<\/div>\n<div style=\"float: left; width: 20px;\"><img decoding=\"async\" style=\"border-width:0\" src=\"\/wp-content\/uploads\/indirme-icon.png\"><\/div>\n<div style=\"float: left; width: 145px;\"><span style=\"text-decoration: none; font-variant: normal; font-weight: normal; font-stretch: normal; font-size: 15px; line-height: normal; font-family: 'minion pro', arial, sans-serif;\"><div class=\"sdm_download_count\"><span class=\"sdm_count_number\">420<\/span><span class=\"sdm_count_string\"> Downloads<\/span><\/div><\/span><\/div>\n<p><br style=\"clear: left;\"><\/p>\n<p><\/span><\/div>\n<div class=\"sdm_download_button_box_default\"><div class=\"sdm_download_link\"><a href=\"https:\/\/www.insanveinsan.org\/?sdm_process_download=1&download_id=4529\" class=\"sdm_download grey\" title=\"(Turkish) 26-3 Naciye Beril Ek\u015fio\u011flu Sar\u0131lar\" target=&quot;_blank&quot;>Download Now!<\/a><\/div><\/div>\n<table bgcolor=\"transparent\">\n<tbody>\n<tr>\n<td style=\"border-bottom: 1px dashed gray;\"><\/td>\n<\/tr>\n<\/tbody>\n<\/table>\n<p><span style=\"text-decoration: none; font-variant: normal; font-weight: normal; font-stretch: normal; font-size: 15px; line-height: normal; font-family: 'minion pro', arial, sans-serif;\"> <a rel=\"license\" href=\"http:\/\/creativecommons.org\/licenses\/by-nc\/4.0\/\"><img decoding=\"async\" alt=\"Creative Commons License\" style=\"border-width:0\" src=\"https:\/\/i.creativecommons.org\/l\/by-nc\/4.0\/80x15.png\" \/><\/a><br \/>This work is licensed under a <a rel=\"license\" href=\"http:\/\/creativecommons.org\/licenses\/by-nc\/4.0\/\">Creative Commons Attribution-NonCommercial 4.0 International License<\/a>.<\/span><\/p>\n<p><\/p>","protected":false},"excerpt":{"rendered":"<p>Naciye Beril Ek\u015fio\u011flu Sar\u0131lar Abstract: The neo-liberal economic policy that started in the 1970\u2019s and made its presence felt after the 1980\u2019s has changed the economic and political structures of the World. In this period in which Information Technologies made quick progress, the rapidly shrinking markets and rampant unemployment caused investors to turn their attention &hellip; <a href=\"https:\/\/www.insanveinsan.org\/en\/neo-liberal-politikalarin-medya-ve-kamu-hizmeti-yayinciligina-etkisi\/\" class=\"more-link\">Continue reading <span class=\"screen-reader-text\">The Impact of Neo-liberal Policies on Media and Public Service Broadcasting<\/span><\/a><\/p>\n","protected":false},"author":5,"featured_media":0,"comment_status":"closed","ping_status":"closed","sticky":false,"template":"","format":"standard","meta":{"footnotes":""},"categories":[33],"tags":[],"class_list":["post-4554","post","type-post","status-publish","format-standard","hentry","category-sayi-26-guz-2020"],"_links":{"self":[{"href":"https:\/\/www.insanveinsan.org\/en\/wp-json\/wp\/v2\/posts\/4554","targetHints":{"allow":["GET"]}}],"collection":[{"href":"https:\/\/www.insanveinsan.org\/en\/wp-json\/wp\/v2\/posts"}],"about":[{"href":"https:\/\/www.insanveinsan.org\/en\/wp-json\/wp\/v2\/types\/post"}],"author":[{"embeddable":true,"href":"https:\/\/www.insanveinsan.org\/en\/wp-json\/wp\/v2\/users\/5"}],"replies":[{"embeddable":true,"href":"https:\/\/www.insanveinsan.org\/en\/wp-json\/wp\/v2\/comments?post=4554"}],"version-history":[{"count":2,"href":"https:\/\/www.insanveinsan.org\/en\/wp-json\/wp\/v2\/posts\/4554\/revisions"}],"predecessor-version":[{"id":4556,"href":"https:\/\/www.insanveinsan.org\/en\/wp-json\/wp\/v2\/posts\/4554\/revisions\/4556"}],"wp:attachment":[{"href":"https:\/\/www.insanveinsan.org\/en\/wp-json\/wp\/v2\/media?parent=4554"}],"wp:term":[{"taxonomy":"category","embeddable":true,"href":"https:\/\/www.insanveinsan.org\/en\/wp-json\/wp\/v2\/categories?post=4554"},{"taxonomy":"post_tag","embeddable":true,"href":"https:\/\/www.insanveinsan.org\/en\/wp-json\/wp\/v2\/tags?post=4554"}],"curies":[{"name":"wp","href":"https:\/\/api.w.org\/{rel}","templated":true}]}}